{"id":1436,"date":"2017-02-21T17:48:40","date_gmt":"2017-02-21T17:48:40","guid":{"rendered":"http:\/\/www.spaceworkers.pt\/?p=1436"},"modified":"2025-02-11T17:18:38","modified_gmt":"2025-02-11T17:18:38","slug":"building-of-the-year-17-winner-2","status":"publish","type":"post","link":"https:\/\/www.spaceworkers.pt\/pt\/building-of-the-year-17-winner-2\/","title":{"rendered":"BUILDING OF THE YEAR \u00b417 Winner"},"content":{"rendered":"","protected":false},"excerpt":{"rendered":"<p class=\"qtranxs-available-languages-message qtranxs-available-languages-message-pt\">Desculpe, este conte\u00fado s\u00f3 est\u00e1 dispon\u00edvel em <a href=\"https:\/\/www.spaceworkers.pt\/en\/wp-json\/wp\/v2\/posts\/1436\" class=\"qtranxs-available-language-link qtranxs-available-language-link-en\" title=\"English\">English<\/a>.<\/p>\n","protected":false},"author":2,"featured_media":0,"comment_status":"closed","ping_status":"closed","sticky":true,"template":"","format":"standard","meta":{"_monsterinsights_skip_tracking":false,"_monsterinsights_sitenote_active":false,"_monsterinsights_sitenote_note":"","_monsterinsights_sitenote_category":0},"categories":[11],"tags":[],"class_list":["post-1436","post","type-post","status-publish","format-standard","hentry","category-premios"],"yoast_head":"<!-- This site is optimized with the Yoast SEO plugin v27.3 - https:\/\/yoast.com\/product\/yoast-seo-wordpress\/ -->\n<title>BUILDING OF THE YEAR \u00b417 Winner - spaceworkers<\/title>\n<meta name=\"description\" content=\"Com muito orgulho, anunciamos que a Casa Cabo de Vila venceu o pr\u00e9mio Building of the Year 2017, promovido pelo Archdaily.\" \/>\n<meta name=\"robots\" content=\"index, follow, max-snippet:-1, max-image-preview:large, max-video-preview:-1\" \/>\n<link rel=\"canonical\" href=\"https:\/\/www.spaceworkers.pt\/pt\/building-of-the-year-17-winner-2\/\" \/>\n<meta property=\"og:locale\" content=\"pt_PT\" \/>\n<meta property=\"og:type\" content=\"article\" \/>\n<meta property=\"og:title\" content=\"BUILDING OF THE YEAR \u00b417 Winner - spaceworkers\" \/>\n<meta property=\"og:description\" content=\"Com muito orgulho, anunciamos que a Casa Cabo de Vila venceu o pr\u00e9mio Building of the Year 2017, promovido pelo Archdaily.\" \/>\n<meta property=\"og:url\" content=\"https:\/\/www.spaceworkers.pt\/pt\/building-of-the-year-17-winner-2\/\" \/>\n<meta property=\"og:site_name\" content=\"spaceworkers\" \/>\n<meta property=\"article:published_time\" content=\"2017-02-21T17:48:40+00:00\" \/>\n<meta property=\"article:modified_time\" content=\"2025-02-11T17:18:38+00:00\" \/>\n<meta name=\"author\" content=\"Space Workers\" \/>\n<meta name=\"twitter:card\" content=\"summary_large_image\" \/>\n<meta name=\"twitter:label1\" content=\"Escrito por\" \/>\n\t<meta name=\"twitter:data1\" content=\"Space Workers\" \/>\n<script type=\"application\/ld+json\" class=\"yoast-schema-graph\">{\"@context\":\"https:\\\/\\\/schema.org\",\"@graph\":[{\"@type\":\"Article\",\"@id\":\"https:\\\/\\\/www.spaceworkers.pt\\\/pt\\\/building-of-the-year-17-winner-2\\\/#article\",\"isPartOf\":{\"@id\":\"https:\\\/\\\/www.spaceworkers.pt\\\/pt\\\/building-of-the-year-17-winner-2\\\/\"},\"author\":{\"name\":\"Space Workers\",\"@id\":\"https:\\\/\\\/www.spaceworkers.pt\\\/en\\\/#\\\/schema\\\/person\\\/d0e6b83dbd770f3ac2a6559e13ed4099\"},\"headline\":\"BUILDING OF THE YEAR \u00b417 Winner\",\"datePublished\":\"2017-02-21T17:48:40+00:00\",\"dateModified\":\"2025-02-11T17:18:38+00:00\",\"mainEntityOfPage\":{\"@id\":\"https:\\\/\\\/www.spaceworkers.pt\\\/pt\\\/building-of-the-year-17-winner-2\\\/\"},\"wordCount\":5,\"articleSection\":[\"[:pt]Pr\u00e9mios[:en]Awards[:]\"],\"inLanguage\":\"pt-PT\"},{\"@type\":\"WebPage\",\"@id\":\"https:\\\/\\\/www.spaceworkers.pt\\\/pt\\\/building-of-the-year-17-winner-2\\\/\",\"url\":\"https:\\\/\\\/www.spaceworkers.pt\\\/pt\\\/building-of-the-year-17-winner-2\\\/\",\"name\":\"BUILDING OF THE YEAR \u00b417 Winner - spaceworkers\",\"isPartOf\":{\"@id\":\"https:\\\/\\\/www.spaceworkers.pt\\\/en\\\/#website\"},\"datePublished\":\"2017-02-21T17:48:40+00:00\",\"dateModified\":\"2025-02-11T17:18:38+00:00\",\"author\":{\"@id\":\"https:\\\/\\\/www.spaceworkers.pt\\\/en\\\/#\\\/schema\\\/person\\\/d0e6b83dbd770f3ac2a6559e13ed4099\"},\"description\":\"Com muito orgulho, anunciamos que a Casa Cabo de Vila venceu o pr\u00e9mio Building of the Year 2017, promovido pelo Archdaily.\",\"breadcrumb\":{\"@id\":\"https:\\\/\\\/www.spaceworkers.pt\\\/pt\\\/building-of-the-year-17-winner-2\\\/#breadcrumb\"},\"inLanguage\":\"pt-PT\",\"potentialAction\":[{\"@type\":\"ReadAction\",\"target\":[\"https:\\\/\\\/www.spaceworkers.pt\\\/pt\\\/building-of-the-year-17-winner-2\\\/\"]}]},{\"@type\":\"BreadcrumbList\",\"@id\":\"https:\\\/\\\/www.spaceworkers.pt\\\/pt\\\/building-of-the-year-17-winner-2\\\/#breadcrumb\",\"itemListElement\":[{\"@type\":\"ListItem\",\"position\":1,\"name\":\"Home\",\"item\":\"https:\\\/\\\/www.spaceworkers.pt\\\/en\\\/\"},{\"@type\":\"ListItem\",\"position\":2,\"name\":\"BUILDING OF THE YEAR \u00b417 Winner\"}]},{\"@type\":\"WebSite\",\"@id\":\"https:\\\/\\\/www.spaceworkers.pt\\\/en\\\/#website\",\"url\":\"https:\\\/\\\/www.spaceworkers.pt\\\/en\\\/\",\"name\":\"spaceworkers\",\"description\":\"Spaceworkers\u00ae \u00e9 um atelier de arquitetura e design localizado em Paredes, no norte de Portugal, fundado pelos actuais directores criativos Henrique Marques e Rui Dinis e pela sua directora financeira Carla Duarte.\",\"potentialAction\":[{\"@type\":\"SearchAction\",\"target\":{\"@type\":\"EntryPoint\",\"urlTemplate\":\"https:\\\/\\\/www.spaceworkers.pt\\\/en\\\/?s={search_term_string}\"},\"query-input\":{\"@type\":\"PropertyValueSpecification\",\"valueRequired\":true,\"valueName\":\"search_term_string\"}}],\"inLanguage\":\"pt-PT\"},{\"@type\":\"Person\",\"@id\":\"https:\\\/\\\/www.spaceworkers.pt\\\/en\\\/#\\\/schema\\\/person\\\/d0e6b83dbd770f3ac2a6559e13ed4099\",\"name\":\"Space Workers\",\"image\":{\"@type\":\"ImageObject\",\"inLanguage\":\"pt-PT\",\"@id\":\"https:\\\/\\\/secure.gravatar.com\\\/avatar\\\/75defd4930bfdcfd62fae4e6af6a2cf648e2432df2b777047a98d16e9108728d?s=96&d=mm&r=g\",\"url\":\"https:\\\/\\\/secure.gravatar.com\\\/avatar\\\/75defd4930bfdcfd62fae4e6af6a2cf648e2432df2b777047a98d16e9108728d?s=96&d=mm&r=g\",\"contentUrl\":\"https:\\\/\\\/secure.gravatar.com\\\/avatar\\\/75defd4930bfdcfd62fae4e6af6a2cf648e2432df2b777047a98d16e9108728d?s=96&d=mm&r=g\",\"caption\":\"Space Workers\"},\"sameAs\":[\"http:\\\/\\\/www.bullseye.pt\"],\"url\":\"https:\\\/\\\/www.spaceworkers.pt\\\/pt\\\/author\\\/spaceworkers\\\/\"}]}<\/script>\n<!-- \/ Yoast SEO plugin. -->","yoast_head_json":{"title":"BUILDING OF THE YEAR \u00b417 Winner - spaceworkers","description":"Com muito orgulho, anunciamos que a Casa Cabo de Vila venceu o pr\u00e9mio Building of the Year 2017, promovido pelo Archdaily.","robots":{"index":"index","follow":"follow","max-snippet":"max-snippet:-1","max-image-preview":"max-image-preview:large","max-video-preview":"max-video-preview:-1"},"canonical":"https:\/\/www.spaceworkers.pt\/pt\/building-of-the-year-17-winner-2\/","og_locale":"pt_PT","og_type":"article","og_title":"BUILDING OF THE YEAR \u00b417 Winner - spaceworkers","og_description":"Com muito orgulho, anunciamos que a Casa Cabo de Vila venceu o pr\u00e9mio Building of the Year 2017, promovido pelo Archdaily.","og_url":"https:\/\/www.spaceworkers.pt\/pt\/building-of-the-year-17-winner-2\/","og_site_name":"spaceworkers","article_published_time":"2017-02-21T17:48:40+00:00","article_modified_time":"2025-02-11T17:18:38+00:00","author":"Space Workers","twitter_card":"summary_large_image","twitter_misc":{"Escrito por":"Space Workers"},"schema":{"@context":"https:\/\/schema.org","@graph":[{"@type":"Article","@id":"https:\/\/www.spaceworkers.pt\/pt\/building-of-the-year-17-winner-2\/#article","isPartOf":{"@id":"https:\/\/www.spaceworkers.pt\/pt\/building-of-the-year-17-winner-2\/"},"author":{"name":"Space Workers","@id":"https:\/\/www.spaceworkers.pt\/en\/#\/schema\/person\/d0e6b83dbd770f3ac2a6559e13ed4099"},"headline":"BUILDING OF THE YEAR \u00b417 Winner","datePublished":"2017-02-21T17:48:40+00:00","dateModified":"2025-02-11T17:18:38+00:00","mainEntityOfPage":{"@id":"https:\/\/www.spaceworkers.pt\/pt\/building-of-the-year-17-winner-2\/"},"wordCount":5,"articleSection":["[:pt]Pr\u00e9mios[:en]Awards[:]"],"inLanguage":"pt-PT"},{"@type":"WebPage","@id":"https:\/\/www.spaceworkers.pt\/pt\/building-of-the-year-17-winner-2\/","url":"https:\/\/www.spaceworkers.pt\/pt\/building-of-the-year-17-winner-2\/","name":"BUILDING OF THE YEAR \u00b417 Winner - spaceworkers","isPartOf":{"@id":"https:\/\/www.spaceworkers.pt\/en\/#website"},"datePublished":"2017-02-21T17:48:40+00:00","dateModified":"2025-02-11T17:18:38+00:00","author":{"@id":"https:\/\/www.spaceworkers.pt\/en\/#\/schema\/person\/d0e6b83dbd770f3ac2a6559e13ed4099"},"description":"Com muito orgulho, anunciamos que a Casa Cabo de Vila venceu o pr\u00e9mio Building of the Year 2017, promovido pelo Archdaily.","breadcrumb":{"@id":"https:\/\/www.spaceworkers.pt\/pt\/building-of-the-year-17-winner-2\/#breadcrumb"},"inLanguage":"pt-PT","potentialAction":[{"@type":"ReadAction","target":["https:\/\/www.spaceworkers.pt\/pt\/building-of-the-year-17-winner-2\/"]}]},{"@type":"BreadcrumbList","@id":"https:\/\/www.spaceworkers.pt\/pt\/building-of-the-year-17-winner-2\/#breadcrumb","itemListElement":[{"@type":"ListItem","position":1,"name":"Home","item":"https:\/\/www.spaceworkers.pt\/en\/"},{"@type":"ListItem","position":2,"name":"BUILDING OF THE YEAR \u00b417 Winner"}]},{"@type":"WebSite","@id":"https:\/\/www.spaceworkers.pt\/en\/#website","url":"https:\/\/www.spaceworkers.pt\/en\/","name":"spaceworkers","description":"Spaceworkers\u00ae \u00e9 um atelier de arquitetura e design localizado em Paredes, no norte de Portugal, fundado pelos actuais directores criativos Henrique Marques e Rui Dinis e pela sua directora financeira Carla Duarte.","potentialAction":[{"@type":"SearchAction","target":{"@type":"EntryPoint","urlTemplate":"https:\/\/www.spaceworkers.pt\/en\/?s={search_term_string}"},"query-input":{"@type":"PropertyValueSpecification","valueRequired":true,"valueName":"search_term_string"}}],"inLanguage":"pt-PT"},{"@type":"Person","@id":"https:\/\/www.spaceworkers.pt\/en\/#\/schema\/person\/d0e6b83dbd770f3ac2a6559e13ed4099","name":"Space Workers","image":{"@type":"ImageObject","inLanguage":"pt-PT","@id":"https:\/\/secure.gravatar.com\/avatar\/75defd4930bfdcfd62fae4e6af6a2cf648e2432df2b777047a98d16e9108728d?s=96&d=mm&r=g","url":"https:\/\/secure.gravatar.com\/avatar\/75defd4930bfdcfd62fae4e6af6a2cf648e2432df2b777047a98d16e9108728d?s=96&d=mm&r=g","contentUrl":"https:\/\/secure.gravatar.com\/avatar\/75defd4930bfdcfd62fae4e6af6a2cf648e2432df2b777047a98d16e9108728d?s=96&d=mm&r=g","caption":"Space Workers"},"sameAs":["http:\/\/www.bullseye.pt"],"url":"https:\/\/www.spaceworkers.pt\/pt\/author\/spaceworkers\/"}]}},"_links":{"self":[{"href":"https:\/\/www.spaceworkers.pt\/pt\/wp-json\/wp\/v2\/posts\/1436","targetHints":{"allow":["GET"]}}],"collection":[{"href":"https:\/\/www.spaceworkers.pt\/pt\/wp-json\/wp\/v2\/posts"}],"about":[{"href":"https:\/\/www.spaceworkers.pt\/pt\/wp-json\/wp\/v2\/types\/post"}],"author":[{"embeddable":true,"href":"https:\/\/www.spaceworkers.pt\/pt\/wp-json\/wp\/v2\/users\/2"}],"replies":[{"embeddable":true,"href":"https:\/\/www.spaceworkers.pt\/pt\/wp-json\/wp\/v2\/comments?post=1436"}],"version-history":[{"count":0,"href":"https:\/\/www.spaceworkers.pt\/pt\/wp-json\/wp\/v2\/posts\/1436\/revisions"}],"wp:attachment":[{"href":"https:\/\/www.spaceworkers.pt\/pt\/wp-json\/wp\/v2\/media?parent=1436"}],"wp:term":[{"taxonomy":"category","embeddable":true,"href":"https:\/\/www.spaceworkers.pt\/pt\/wp-json\/wp\/v2\/categories?post=1436"},{"taxonomy":"post_tag","embeddable":true,"href":"https:\/\/www.spaceworkers.pt\/pt\/wp-json\/wp\/v2\/tags?post=1436"}],"curies":[{"name":"wp","href":"https:\/\/api.w.org\/{rel}","templated":true}]}}