{"id":7425,"date":"2025-12-18T14:38:46","date_gmt":"2025-12-18T14:38:46","guid":{"rendered":"https:\/\/www.spaceworkers.pt\/?p=7425"},"modified":"2026-03-30T15:08:37","modified_gmt":"2026-03-30T15:08:37","slug":"januario-godinho-prize","status":"publish","type":"post","link":"https:\/\/www.spaceworkers.pt\/en\/januario-godinho-prize\/","title":{"rendered":"Janu\u00e1rio Godinho Prize 2025"},"content":{"rendered":"","protected":false},"excerpt":{"rendered":"","protected":false},"author":4,"featured_media":0,"comment_status":"closed","ping_status":"closed","sticky":false,"template":"","format":"standard","meta":{"_monsterinsights_skip_tracking":false,"_monsterinsights_sitenote_active":false,"_monsterinsights_sitenote_note":"","_monsterinsights_sitenote_category":0},"categories":[11],"tags":[],"class_list":["post-7425","post","type-post","status-publish","format-standard","hentry","category-premios"],"yoast_head":"<!-- This site is optimized with the Yoast SEO plugin v27.3 - https:\/\/yoast.com\/product\/yoast-seo-wordpress\/ -->\n<title>Janu\u00e1rio Godinho Prize 2025 - spaceworkers<\/title>\n<meta name=\"description\" content=\"A Quinta das \u00c1guas foi distinguida com o Pr\u00e9mio Janu\u00e1rio Godinho pela valoriza\u00e7\u00e3o do patrim\u00f3nio edificado.\" \/>\n<meta name=\"robots\" content=\"index, follow, max-snippet:-1, max-image-preview:large, max-video-preview:-1\" \/>\n<link rel=\"canonical\" href=\"https:\/\/www.spaceworkers.pt\/januario-godinho-prize\/\" \/>\n<meta property=\"og:locale\" content=\"en_US\" \/>\n<meta property=\"og:type\" content=\"article\" \/>\n<meta property=\"og:title\" content=\"[:pt]Pr\u00e9mio Janu\u00e1rio Godinho 2025[:en]Janu\u00e1rio Godinho Prize 2025[:] - spaceworkers\" \/>\n<meta property=\"og:description\" content=\"A Quinta das \u00c1guas foi distinguida com o Pr\u00e9mio Janu\u00e1rio Godinho pela valoriza\u00e7\u00e3o do patrim\u00f3nio edificado.\" \/>\n<meta property=\"og:url\" content=\"https:\/\/www.spaceworkers.pt\/januario-godinho-prize\/\" \/>\n<meta property=\"og:site_name\" content=\"spaceworkers\" \/>\n<meta property=\"article:published_time\" content=\"2025-12-18T14:38:46+00:00\" \/>\n<meta property=\"article:modified_time\" content=\"2026-03-30T15:08:37+00:00\" \/>\n<meta name=\"author\" content=\"Diogo Novais\" \/>\n<meta name=\"twitter:card\" content=\"summary_large_image\" \/>\n<meta name=\"twitter:label1\" content=\"Written by\" \/>\n\t<meta name=\"twitter:data1\" content=\"Diogo Novais\" \/>\n<script type=\"application\/ld+json\" class=\"yoast-schema-graph\">{\"@context\":\"https:\\\/\\\/schema.org\",\"@graph\":[{\"@type\":\"Article\",\"@id\":\"https:\\\/\\\/www.spaceworkers.pt\\\/januario-godinho-prize\\\/#article\",\"isPartOf\":{\"@id\":\"https:\\\/\\\/www.spaceworkers.pt\\\/januario-godinho-prize\\\/\"},\"author\":{\"name\":\"Diogo Novais\",\"@id\":\"https:\\\/\\\/www.spaceworkers.pt\\\/en\\\/#\\\/schema\\\/person\\\/cf450e1baf656b68a562414af1048594\"},\"headline\":\"Janu\u00e1rio Godinho Prize 2025\",\"datePublished\":\"2025-12-18T14:38:46+00:00\",\"dateModified\":\"2026-03-30T15:08:37+00:00\",\"mainEntityOfPage\":{\"@id\":\"https:\\\/\\\/www.spaceworkers.pt\\\/januario-godinho-prize\\\/\"},\"wordCount\":11,\"articleSection\":[\"[:pt]Pr\u00e9mios[:en]Awards[:]\"],\"inLanguage\":\"en-US\"},{\"@type\":\"WebPage\",\"@id\":\"https:\\\/\\\/www.spaceworkers.pt\\\/januario-godinho-prize\\\/\",\"url\":\"https:\\\/\\\/www.spaceworkers.pt\\\/januario-godinho-prize\\\/\",\"name\":\"[:pt]Pr\u00e9mio Janu\u00e1rio Godinho 2025[:en]Janu\u00e1rio Godinho Prize 2025[:] - spaceworkers\",\"isPartOf\":{\"@id\":\"https:\\\/\\\/www.spaceworkers.pt\\\/en\\\/#website\"},\"datePublished\":\"2025-12-18T14:38:46+00:00\",\"dateModified\":\"2026-03-30T15:08:37+00:00\",\"author\":{\"@id\":\"https:\\\/\\\/www.spaceworkers.pt\\\/en\\\/#\\\/schema\\\/person\\\/cf450e1baf656b68a562414af1048594\"},\"description\":\"A Quinta das \u00c1guas foi distinguida com o Pr\u00e9mio Janu\u00e1rio Godinho pela valoriza\u00e7\u00e3o do patrim\u00f3nio edificado.\",\"breadcrumb\":{\"@id\":\"https:\\\/\\\/www.spaceworkers.pt\\\/januario-godinho-prize\\\/#breadcrumb\"},\"inLanguage\":\"en-US\",\"potentialAction\":[{\"@type\":\"ReadAction\",\"target\":[\"https:\\\/\\\/www.spaceworkers.pt\\\/januario-godinho-prize\\\/\"]}]},{\"@type\":\"BreadcrumbList\",\"@id\":\"https:\\\/\\\/www.spaceworkers.pt\\\/januario-godinho-prize\\\/#breadcrumb\",\"itemListElement\":[{\"@type\":\"ListItem\",\"position\":1,\"name\":\"Home\",\"item\":\"https:\\\/\\\/www.spaceworkers.pt\\\/en\\\/\"},{\"@type\":\"ListItem\",\"position\":2,\"name\":\"Janu\u00e1rio Godinho Prize 2025\"}]},{\"@type\":\"WebSite\",\"@id\":\"https:\\\/\\\/www.spaceworkers.pt\\\/en\\\/#website\",\"url\":\"https:\\\/\\\/www.spaceworkers.pt\\\/en\\\/\",\"name\":\"spaceworkers\",\"description\":\"spaceworkers\u00ae is an architecture and design studio located in Paredes in northern Portugal, founded by the current creative directors Henrique Marques and Rui Dinis and by its financial director Carla Duarte.\",\"potentialAction\":[{\"@type\":\"SearchAction\",\"target\":{\"@type\":\"EntryPoint\",\"urlTemplate\":\"https:\\\/\\\/www.spaceworkers.pt\\\/en\\\/?s={search_term_string}\"},\"query-input\":{\"@type\":\"PropertyValueSpecification\",\"valueRequired\":true,\"valueName\":\"search_term_string\"}}],\"inLanguage\":\"en-US\"},{\"@type\":\"Person\",\"@id\":\"https:\\\/\\\/www.spaceworkers.pt\\\/en\\\/#\\\/schema\\\/person\\\/cf450e1baf656b68a562414af1048594\",\"name\":\"Diogo Novais\",\"image\":{\"@type\":\"ImageObject\",\"inLanguage\":\"en-US\",\"@id\":\"https:\\\/\\\/secure.gravatar.com\\\/avatar\\\/6550a425385463ff1bd0b8f2529893118169e2674cc471562af68c9a063963ae?s=96&d=mm&r=g\",\"url\":\"https:\\\/\\\/secure.gravatar.com\\\/avatar\\\/6550a425385463ff1bd0b8f2529893118169e2674cc471562af68c9a063963ae?s=96&d=mm&r=g\",\"contentUrl\":\"https:\\\/\\\/secure.gravatar.com\\\/avatar\\\/6550a425385463ff1bd0b8f2529893118169e2674cc471562af68c9a063963ae?s=96&d=mm&r=g\",\"caption\":\"Diogo Novais\"},\"url\":\"https:\\\/\\\/www.spaceworkers.pt\\\/en\\\/author\\\/diogonovais\\\/\"}]}<\/script>\n<!-- \/ Yoast SEO plugin. -->","yoast_head_json":{"title":"[:pt]Pr\u00e9mio Janu\u00e1rio Godinho 2025[:en]Janu\u00e1rio Godinho Prize 2025[:] - spaceworkers","description":"A Quinta das \u00c1guas foi distinguida com o Pr\u00e9mio Janu\u00e1rio Godinho pela valoriza\u00e7\u00e3o do patrim\u00f3nio edificado.","robots":{"index":"index","follow":"follow","max-snippet":"max-snippet:-1","max-image-preview":"max-image-preview:large","max-video-preview":"max-video-preview:-1"},"canonical":"https:\/\/www.spaceworkers.pt\/januario-godinho-prize\/","og_locale":"en_US","og_type":"article","og_title":"[:pt]Pr\u00e9mio Janu\u00e1rio Godinho 2025[:en]Janu\u00e1rio Godinho Prize 2025[:] - spaceworkers","og_description":"A Quinta das \u00c1guas foi distinguida com o Pr\u00e9mio Janu\u00e1rio Godinho pela valoriza\u00e7\u00e3o do patrim\u00f3nio edificado.","og_url":"https:\/\/www.spaceworkers.pt\/januario-godinho-prize\/","og_site_name":"spaceworkers","article_published_time":"2025-12-18T14:38:46+00:00","article_modified_time":"2026-03-30T15:08:37+00:00","author":"Diogo Novais","twitter_card":"summary_large_image","twitter_misc":{"Written by":"Diogo Novais"},"schema":{"@context":"https:\/\/schema.org","@graph":[{"@type":"Article","@id":"https:\/\/www.spaceworkers.pt\/januario-godinho-prize\/#article","isPartOf":{"@id":"https:\/\/www.spaceworkers.pt\/januario-godinho-prize\/"},"author":{"name":"Diogo Novais","@id":"https:\/\/www.spaceworkers.pt\/en\/#\/schema\/person\/cf450e1baf656b68a562414af1048594"},"headline":"Janu\u00e1rio Godinho Prize 2025","datePublished":"2025-12-18T14:38:46+00:00","dateModified":"2026-03-30T15:08:37+00:00","mainEntityOfPage":{"@id":"https:\/\/www.spaceworkers.pt\/januario-godinho-prize\/"},"wordCount":11,"articleSection":["[:pt]Pr\u00e9mios[:en]Awards[:]"],"inLanguage":"en-US"},{"@type":"WebPage","@id":"https:\/\/www.spaceworkers.pt\/januario-godinho-prize\/","url":"https:\/\/www.spaceworkers.pt\/januario-godinho-prize\/","name":"[:pt]Pr\u00e9mio Janu\u00e1rio Godinho 2025[:en]Janu\u00e1rio Godinho Prize 2025[:] - spaceworkers","isPartOf":{"@id":"https:\/\/www.spaceworkers.pt\/en\/#website"},"datePublished":"2025-12-18T14:38:46+00:00","dateModified":"2026-03-30T15:08:37+00:00","author":{"@id":"https:\/\/www.spaceworkers.pt\/en\/#\/schema\/person\/cf450e1baf656b68a562414af1048594"},"description":"A Quinta das \u00c1guas foi distinguida com o Pr\u00e9mio Janu\u00e1rio Godinho pela valoriza\u00e7\u00e3o do patrim\u00f3nio edificado.","breadcrumb":{"@id":"https:\/\/www.spaceworkers.pt\/januario-godinho-prize\/#breadcrumb"},"inLanguage":"en-US","potentialAction":[{"@type":"ReadAction","target":["https:\/\/www.spaceworkers.pt\/januario-godinho-prize\/"]}]},{"@type":"BreadcrumbList","@id":"https:\/\/www.spaceworkers.pt\/januario-godinho-prize\/#breadcrumb","itemListElement":[{"@type":"ListItem","position":1,"name":"Home","item":"https:\/\/www.spaceworkers.pt\/en\/"},{"@type":"ListItem","position":2,"name":"Janu\u00e1rio Godinho Prize 2025"}]},{"@type":"WebSite","@id":"https:\/\/www.spaceworkers.pt\/en\/#website","url":"https:\/\/www.spaceworkers.pt\/en\/","name":"spaceworkers","description":"spaceworkers\u00ae is an architecture and design studio located in Paredes in northern Portugal, founded by the current creative directors Henrique Marques and Rui Dinis and by its financial director Carla Duarte.","potentialAction":[{"@type":"SearchAction","target":{"@type":"EntryPoint","urlTemplate":"https:\/\/www.spaceworkers.pt\/en\/?s={search_term_string}"},"query-input":{"@type":"PropertyValueSpecification","valueRequired":true,"valueName":"search_term_string"}}],"inLanguage":"en-US"},{"@type":"Person","@id":"https:\/\/www.spaceworkers.pt\/en\/#\/schema\/person\/cf450e1baf656b68a562414af1048594","name":"Diogo Novais","image":{"@type":"ImageObject","inLanguage":"en-US","@id":"https:\/\/secure.gravatar.com\/avatar\/6550a425385463ff1bd0b8f2529893118169e2674cc471562af68c9a063963ae?s=96&d=mm&r=g","url":"https:\/\/secure.gravatar.com\/avatar\/6550a425385463ff1bd0b8f2529893118169e2674cc471562af68c9a063963ae?s=96&d=mm&r=g","contentUrl":"https:\/\/secure.gravatar.com\/avatar\/6550a425385463ff1bd0b8f2529893118169e2674cc471562af68c9a063963ae?s=96&d=mm&r=g","caption":"Diogo Novais"},"url":"https:\/\/www.spaceworkers.pt\/en\/author\/diogonovais\/"}]}},"_links":{"self":[{"href":"https:\/\/www.spaceworkers.pt\/en\/wp-json\/wp\/v2\/posts\/7425","targetHints":{"allow":["GET"]}}],"collection":[{"href":"https:\/\/www.spaceworkers.pt\/en\/wp-json\/wp\/v2\/posts"}],"about":[{"href":"https:\/\/www.spaceworkers.pt\/en\/wp-json\/wp\/v2\/types\/post"}],"author":[{"embeddable":true,"href":"https:\/\/www.spaceworkers.pt\/en\/wp-json\/wp\/v2\/users\/4"}],"replies":[{"embeddable":true,"href":"https:\/\/www.spaceworkers.pt\/en\/wp-json\/wp\/v2\/comments?post=7425"}],"version-history":[{"count":0,"href":"https:\/\/www.spaceworkers.pt\/en\/wp-json\/wp\/v2\/posts\/7425\/revisions"}],"wp:attachment":[{"href":"https:\/\/www.spaceworkers.pt\/en\/wp-json\/wp\/v2\/media?parent=7425"}],"wp:term":[{"taxonomy":"category","embeddable":true,"href":"https:\/\/www.spaceworkers.pt\/en\/wp-json\/wp\/v2\/categories?post=7425"},{"taxonomy":"post_tag","embeddable":true,"href":"https:\/\/www.spaceworkers.pt\/en\/wp-json\/wp\/v2\/tags?post=7425"}],"curies":[{"name":"wp","href":"https:\/\/api.w.org\/{rel}","templated":true}]}}