{"id":2332,"date":"2017-05-29T17:57:22","date_gmt":"2017-05-29T17:57:22","guid":{"rendered":"http:\/\/www.spaceworkers.pt\/?p=2332"},"modified":"2025-01-13T10:43:52","modified_gmt":"2025-01-13T10:43:52","slug":"momentos","status":"publish","type":"post","link":"https:\/\/www.spaceworkers.pt\/en\/momentos\/","title":{"rendered":"Momentos Arquitectura e Design"},"content":{"rendered":"","protected":false},"excerpt":{"rendered":"","protected":false},"author":2,"featured_media":0,"comment_status":"closed","ping_status":"closed","sticky":false,"template":"","format":"standard","meta":{"_monsterinsights_skip_tracking":false,"_monsterinsights_sitenote_active":false,"_monsterinsights_sitenote_note":"","_monsterinsights_sitenote_category":0},"categories":[24],"tags":[],"class_list":["post-2332","post","type-post","status-publish","format-standard","hentry","category-conferencias"],"yoast_head":"<!-- This site is optimized with the Yoast SEO plugin v27.3 - https:\/\/yoast.com\/product\/yoast-seo-wordpress\/ -->\n<title>Momentos Arquitectura e Design - spaceworkers<\/title>\n<meta name=\"description\" content=\"Particip\u00e1mos no ciclo de confer\u00eancias &#039;OBRAS E EXPERI\u00caNCIAS RECENTES&#039; da Faculdade de Arquitectura e Artes da Universidade Lus\u00edada.\" \/>\n<meta name=\"robots\" content=\"index, follow, max-snippet:-1, max-image-preview:large, max-video-preview:-1\" \/>\n<link rel=\"canonical\" href=\"https:\/\/www.spaceworkers.pt\/en\/momentos\/\" \/>\n<meta property=\"og:locale\" content=\"en_US\" \/>\n<meta property=\"og:type\" content=\"article\" \/>\n<meta property=\"og:title\" content=\"Momentos Arquitectura e Design - spaceworkers\" \/>\n<meta property=\"og:description\" content=\"Particip\u00e1mos no ciclo de confer\u00eancias &#039;OBRAS E EXPERI\u00caNCIAS RECENTES&#039; da Faculdade de Arquitectura e Artes da Universidade Lus\u00edada.\" \/>\n<meta property=\"og:url\" content=\"https:\/\/www.spaceworkers.pt\/en\/momentos\/\" \/>\n<meta property=\"og:site_name\" content=\"spaceworkers\" \/>\n<meta property=\"article:published_time\" content=\"2017-05-29T17:57:22+00:00\" \/>\n<meta property=\"article:modified_time\" content=\"2025-01-13T10:43:52+00:00\" \/>\n<meta name=\"author\" content=\"Space Workers\" \/>\n<meta name=\"twitter:card\" content=\"summary_large_image\" \/>\n<meta name=\"twitter:label1\" content=\"Written by\" \/>\n\t<meta name=\"twitter:data1\" content=\"Space Workers\" \/>\n<script type=\"application\/ld+json\" class=\"yoast-schema-graph\">{\"@context\":\"https:\\\/\\\/schema.org\",\"@graph\":[{\"@type\":\"Article\",\"@id\":\"https:\\\/\\\/www.spaceworkers.pt\\\/en\\\/momentos\\\/#article\",\"isPartOf\":{\"@id\":\"https:\\\/\\\/www.spaceworkers.pt\\\/en\\\/momentos\\\/\"},\"author\":{\"name\":\"Space Workers\",\"@id\":\"https:\\\/\\\/www.spaceworkers.pt\\\/en\\\/#\\\/schema\\\/person\\\/d0e6b83dbd770f3ac2a6559e13ed4099\"},\"headline\":\"Momentos Arquitectura e Design\",\"datePublished\":\"2017-05-29T17:57:22+00:00\",\"dateModified\":\"2025-01-13T10:43:52+00:00\",\"mainEntityOfPage\":{\"@id\":\"https:\\\/\\\/www.spaceworkers.pt\\\/en\\\/momentos\\\/\"},\"wordCount\":4,\"articleSection\":[\"[:pt]Confer\u00eancias[:en]Conferences[:]\"],\"inLanguage\":\"en-US\"},{\"@type\":\"WebPage\",\"@id\":\"https:\\\/\\\/www.spaceworkers.pt\\\/en\\\/momentos\\\/\",\"url\":\"https:\\\/\\\/www.spaceworkers.pt\\\/en\\\/momentos\\\/\",\"name\":\"Momentos Arquitectura e Design - spaceworkers\",\"isPartOf\":{\"@id\":\"https:\\\/\\\/www.spaceworkers.pt\\\/en\\\/#website\"},\"datePublished\":\"2017-05-29T17:57:22+00:00\",\"dateModified\":\"2025-01-13T10:43:52+00:00\",\"author\":{\"@id\":\"https:\\\/\\\/www.spaceworkers.pt\\\/en\\\/#\\\/schema\\\/person\\\/d0e6b83dbd770f3ac2a6559e13ed4099\"},\"description\":\"Particip\u00e1mos no ciclo de confer\u00eancias 'OBRAS E EXPERI\u00caNCIAS RECENTES' da Faculdade de Arquitectura e Artes da Universidade Lus\u00edada.\",\"breadcrumb\":{\"@id\":\"https:\\\/\\\/www.spaceworkers.pt\\\/en\\\/momentos\\\/#breadcrumb\"},\"inLanguage\":\"en-US\",\"potentialAction\":[{\"@type\":\"ReadAction\",\"target\":[\"https:\\\/\\\/www.spaceworkers.pt\\\/en\\\/momentos\\\/\"]}]},{\"@type\":\"BreadcrumbList\",\"@id\":\"https:\\\/\\\/www.spaceworkers.pt\\\/en\\\/momentos\\\/#breadcrumb\",\"itemListElement\":[{\"@type\":\"ListItem\",\"position\":1,\"name\":\"Home\",\"item\":\"https:\\\/\\\/www.spaceworkers.pt\\\/en\\\/\"},{\"@type\":\"ListItem\",\"position\":2,\"name\":\"Momentos Arquitectura e Design\"}]},{\"@type\":\"WebSite\",\"@id\":\"https:\\\/\\\/www.spaceworkers.pt\\\/en\\\/#website\",\"url\":\"https:\\\/\\\/www.spaceworkers.pt\\\/en\\\/\",\"name\":\"spaceworkers\",\"description\":\"spaceworkers\u00ae is an architecture and design studio located in Paredes in northern Portugal, founded by the current creative directors Henrique Marques and Rui Dinis and by its financial director Carla Duarte.\",\"potentialAction\":[{\"@type\":\"SearchAction\",\"target\":{\"@type\":\"EntryPoint\",\"urlTemplate\":\"https:\\\/\\\/www.spaceworkers.pt\\\/en\\\/?s={search_term_string}\"},\"query-input\":{\"@type\":\"PropertyValueSpecification\",\"valueRequired\":true,\"valueName\":\"search_term_string\"}}],\"inLanguage\":\"en-US\"},{\"@type\":\"Person\",\"@id\":\"https:\\\/\\\/www.spaceworkers.pt\\\/en\\\/#\\\/schema\\\/person\\\/d0e6b83dbd770f3ac2a6559e13ed4099\",\"name\":\"Space Workers\",\"image\":{\"@type\":\"ImageObject\",\"inLanguage\":\"en-US\",\"@id\":\"https:\\\/\\\/secure.gravatar.com\\\/avatar\\\/75defd4930bfdcfd62fae4e6af6a2cf648e2432df2b777047a98d16e9108728d?s=96&d=mm&r=g\",\"url\":\"https:\\\/\\\/secure.gravatar.com\\\/avatar\\\/75defd4930bfdcfd62fae4e6af6a2cf648e2432df2b777047a98d16e9108728d?s=96&d=mm&r=g\",\"contentUrl\":\"https:\\\/\\\/secure.gravatar.com\\\/avatar\\\/75defd4930bfdcfd62fae4e6af6a2cf648e2432df2b777047a98d16e9108728d?s=96&d=mm&r=g\",\"caption\":\"Space Workers\"},\"sameAs\":[\"http:\\\/\\\/www.bullseye.pt\"],\"url\":\"https:\\\/\\\/www.spaceworkers.pt\\\/en\\\/author\\\/spaceworkers\\\/\"}]}<\/script>\n<!-- \/ Yoast SEO plugin. -->","yoast_head_json":{"title":"Momentos Arquitectura e Design - spaceworkers","description":"Particip\u00e1mos no ciclo de confer\u00eancias 'OBRAS E EXPERI\u00caNCIAS RECENTES' da Faculdade de Arquitectura e Artes da Universidade Lus\u00edada.","robots":{"index":"index","follow":"follow","max-snippet":"max-snippet:-1","max-image-preview":"max-image-preview:large","max-video-preview":"max-video-preview:-1"},"canonical":"https:\/\/www.spaceworkers.pt\/en\/momentos\/","og_locale":"en_US","og_type":"article","og_title":"Momentos Arquitectura e Design - spaceworkers","og_description":"Particip\u00e1mos no ciclo de confer\u00eancias 'OBRAS E EXPERI\u00caNCIAS RECENTES' da Faculdade de Arquitectura e Artes da Universidade Lus\u00edada.","og_url":"https:\/\/www.spaceworkers.pt\/en\/momentos\/","og_site_name":"spaceworkers","article_published_time":"2017-05-29T17:57:22+00:00","article_modified_time":"2025-01-13T10:43:52+00:00","author":"Space Workers","twitter_card":"summary_large_image","twitter_misc":{"Written by":"Space Workers"},"schema":{"@context":"https:\/\/schema.org","@graph":[{"@type":"Article","@id":"https:\/\/www.spaceworkers.pt\/en\/momentos\/#article","isPartOf":{"@id":"https:\/\/www.spaceworkers.pt\/en\/momentos\/"},"author":{"name":"Space Workers","@id":"https:\/\/www.spaceworkers.pt\/en\/#\/schema\/person\/d0e6b83dbd770f3ac2a6559e13ed4099"},"headline":"Momentos Arquitectura e Design","datePublished":"2017-05-29T17:57:22+00:00","dateModified":"2025-01-13T10:43:52+00:00","mainEntityOfPage":{"@id":"https:\/\/www.spaceworkers.pt\/en\/momentos\/"},"wordCount":4,"articleSection":["[:pt]Confer\u00eancias[:en]Conferences[:]"],"inLanguage":"en-US"},{"@type":"WebPage","@id":"https:\/\/www.spaceworkers.pt\/en\/momentos\/","url":"https:\/\/www.spaceworkers.pt\/en\/momentos\/","name":"Momentos Arquitectura e Design - spaceworkers","isPartOf":{"@id":"https:\/\/www.spaceworkers.pt\/en\/#website"},"datePublished":"2017-05-29T17:57:22+00:00","dateModified":"2025-01-13T10:43:52+00:00","author":{"@id":"https:\/\/www.spaceworkers.pt\/en\/#\/schema\/person\/d0e6b83dbd770f3ac2a6559e13ed4099"},"description":"Particip\u00e1mos no ciclo de confer\u00eancias 'OBRAS E EXPERI\u00caNCIAS RECENTES' da Faculdade de Arquitectura e Artes da Universidade Lus\u00edada.","breadcrumb":{"@id":"https:\/\/www.spaceworkers.pt\/en\/momentos\/#breadcrumb"},"inLanguage":"en-US","potentialAction":[{"@type":"ReadAction","target":["https:\/\/www.spaceworkers.pt\/en\/momentos\/"]}]},{"@type":"BreadcrumbList","@id":"https:\/\/www.spaceworkers.pt\/en\/momentos\/#breadcrumb","itemListElement":[{"@type":"ListItem","position":1,"name":"Home","item":"https:\/\/www.spaceworkers.pt\/en\/"},{"@type":"ListItem","position":2,"name":"Momentos Arquitectura e Design"}]},{"@type":"WebSite","@id":"https:\/\/www.spaceworkers.pt\/en\/#website","url":"https:\/\/www.spaceworkers.pt\/en\/","name":"spaceworkers","description":"spaceworkers\u00ae is an architecture and design studio located in Paredes in northern Portugal, founded by the current creative directors Henrique Marques and Rui Dinis and by its financial director Carla Duarte.","potentialAction":[{"@type":"SearchAction","target":{"@type":"EntryPoint","urlTemplate":"https:\/\/www.spaceworkers.pt\/en\/?s={search_term_string}"},"query-input":{"@type":"PropertyValueSpecification","valueRequired":true,"valueName":"search_term_string"}}],"inLanguage":"en-US"},{"@type":"Person","@id":"https:\/\/www.spaceworkers.pt\/en\/#\/schema\/person\/d0e6b83dbd770f3ac2a6559e13ed4099","name":"Space Workers","image":{"@type":"ImageObject","inLanguage":"en-US","@id":"https:\/\/secure.gravatar.com\/avatar\/75defd4930bfdcfd62fae4e6af6a2cf648e2432df2b777047a98d16e9108728d?s=96&d=mm&r=g","url":"https:\/\/secure.gravatar.com\/avatar\/75defd4930bfdcfd62fae4e6af6a2cf648e2432df2b777047a98d16e9108728d?s=96&d=mm&r=g","contentUrl":"https:\/\/secure.gravatar.com\/avatar\/75defd4930bfdcfd62fae4e6af6a2cf648e2432df2b777047a98d16e9108728d?s=96&d=mm&r=g","caption":"Space Workers"},"sameAs":["http:\/\/www.bullseye.pt"],"url":"https:\/\/www.spaceworkers.pt\/en\/author\/spaceworkers\/"}]}},"_links":{"self":[{"href":"https:\/\/www.spaceworkers.pt\/en\/wp-json\/wp\/v2\/posts\/2332","targetHints":{"allow":["GET"]}}],"collection":[{"href":"https:\/\/www.spaceworkers.pt\/en\/wp-json\/wp\/v2\/posts"}],"about":[{"href":"https:\/\/www.spaceworkers.pt\/en\/wp-json\/wp\/v2\/types\/post"}],"author":[{"embeddable":true,"href":"https:\/\/www.spaceworkers.pt\/en\/wp-json\/wp\/v2\/users\/2"}],"replies":[{"embeddable":true,"href":"https:\/\/www.spaceworkers.pt\/en\/wp-json\/wp\/v2\/comments?post=2332"}],"version-history":[{"count":0,"href":"https:\/\/www.spaceworkers.pt\/en\/wp-json\/wp\/v2\/posts\/2332\/revisions"}],"wp:attachment":[{"href":"https:\/\/www.spaceworkers.pt\/en\/wp-json\/wp\/v2\/media?parent=2332"}],"wp:term":[{"taxonomy":"category","embeddable":true,"href":"https:\/\/www.spaceworkers.pt\/en\/wp-json\/wp\/v2\/categories?post=2332"},{"taxonomy":"post_tag","embeddable":true,"href":"https:\/\/www.spaceworkers.pt\/en\/wp-json\/wp\/v2\/tags?post=2332"}],"curies":[{"name":"wp","href":"https:\/\/api.w.org\/{rel}","templated":true}]}}