{"id":1451,"date":"2015-07-30T10:20:47","date_gmt":"2015-07-30T10:20:47","guid":{"rendered":"http:\/\/www.spaceworkers.pt\/?p=1451"},"modified":"2025-01-13T15:18:01","modified_gmt":"2025-01-13T15:18:01","slug":"diario-economico","status":"publish","type":"post","link":"https:\/\/www.spaceworkers.pt\/en\/diario-economico\/","title":{"rendered":"Di\u00e1rio Econ\u00f3mico"},"content":{"rendered":"","protected":false},"excerpt":{"rendered":"","protected":false},"author":2,"featured_media":0,"comment_status":"closed","ping_status":"closed","sticky":false,"template":"","format":"standard","meta":{"_monsterinsights_skip_tracking":false,"_monsterinsights_sitenote_active":false,"_monsterinsights_sitenote_note":"","_monsterinsights_sitenote_category":0},"categories":[43],"tags":[],"class_list":["post-1451","post","type-post","status-publish","format-standard","hentry","category-media"],"yoast_head":"<!-- This site is optimized with the Yoast SEO plugin v27.3 - https:\/\/yoast.com\/product\/yoast-seo-wordpress\/ -->\n<title>Di\u00e1rio Econ\u00f3mico - spaceworkers<\/title>\n<meta name=\"description\" content=\"spaceworkers foi publicado no jornal &#039;Di\u00e1rio Econ\u00f3mico&#039;, destacando-se pela sua abordagem inovadora e projetos arquitet\u00f3nicos.\" \/>\n<meta name=\"robots\" content=\"index, follow, max-snippet:-1, max-image-preview:large, max-video-preview:-1\" \/>\n<link rel=\"canonical\" href=\"https:\/\/www.spaceworkers.pt\/pt\/diario-economico\/\" \/>\n<meta property=\"og:locale\" content=\"en_US\" \/>\n<meta property=\"og:type\" content=\"article\" \/>\n<meta property=\"og:title\" content=\"Di\u00e1rio Econ\u00f3mico - spaceworkers\" \/>\n<meta property=\"og:description\" content=\"spaceworkers foi publicado no jornal &#039;Di\u00e1rio Econ\u00f3mico&#039;, destacando-se pela sua abordagem inovadora e projetos arquitet\u00f3nicos.\" \/>\n<meta property=\"og:url\" content=\"https:\/\/www.spaceworkers.pt\/pt\/diario-economico\/\" \/>\n<meta property=\"og:site_name\" content=\"spaceworkers\" \/>\n<meta property=\"article:published_time\" content=\"2015-07-30T10:20:47+00:00\" \/>\n<meta property=\"article:modified_time\" content=\"2025-01-13T15:18:01+00:00\" \/>\n<meta name=\"author\" content=\"Space Workers\" \/>\n<meta name=\"twitter:card\" content=\"summary_large_image\" \/>\n<meta name=\"twitter:label1\" content=\"Written by\" \/>\n\t<meta name=\"twitter:data1\" content=\"Space Workers\" \/>\n<script type=\"application\/ld+json\" class=\"yoast-schema-graph\">{\"@context\":\"https:\\\/\\\/schema.org\",\"@graph\":[{\"@type\":\"Article\",\"@id\":\"https:\\\/\\\/www.spaceworkers.pt\\\/pt\\\/diario-economico\\\/#article\",\"isPartOf\":{\"@id\":\"https:\\\/\\\/www.spaceworkers.pt\\\/pt\\\/diario-economico\\\/\"},\"author\":{\"name\":\"Space Workers\",\"@id\":\"https:\\\/\\\/www.spaceworkers.pt\\\/en\\\/#\\\/schema\\\/person\\\/d0e6b83dbd770f3ac2a6559e13ed4099\"},\"headline\":\"Di\u00e1rio Econ\u00f3mico\",\"datePublished\":\"2015-07-30T10:20:47+00:00\",\"dateModified\":\"2025-01-13T15:18:01+00:00\",\"mainEntityOfPage\":{\"@id\":\"https:\\\/\\\/www.spaceworkers.pt\\\/pt\\\/diario-economico\\\/\"},\"wordCount\":4,\"articleSection\":[\"[:pt]M\u00eddia[:en]Media[:]\"],\"inLanguage\":\"en-US\"},{\"@type\":\"WebPage\",\"@id\":\"https:\\\/\\\/www.spaceworkers.pt\\\/pt\\\/diario-economico\\\/\",\"url\":\"https:\\\/\\\/www.spaceworkers.pt\\\/pt\\\/diario-economico\\\/\",\"name\":\"Di\u00e1rio Econ\u00f3mico - spaceworkers\",\"isPartOf\":{\"@id\":\"https:\\\/\\\/www.spaceworkers.pt\\\/en\\\/#website\"},\"datePublished\":\"2015-07-30T10:20:47+00:00\",\"dateModified\":\"2025-01-13T15:18:01+00:00\",\"author\":{\"@id\":\"https:\\\/\\\/www.spaceworkers.pt\\\/en\\\/#\\\/schema\\\/person\\\/d0e6b83dbd770f3ac2a6559e13ed4099\"},\"description\":\"spaceworkers foi publicado no jornal 'Di\u00e1rio Econ\u00f3mico', destacando-se pela sua abordagem inovadora e projetos arquitet\u00f3nicos.\",\"breadcrumb\":{\"@id\":\"https:\\\/\\\/www.spaceworkers.pt\\\/pt\\\/diario-economico\\\/#breadcrumb\"},\"inLanguage\":\"en-US\",\"potentialAction\":[{\"@type\":\"ReadAction\",\"target\":[\"https:\\\/\\\/www.spaceworkers.pt\\\/pt\\\/diario-economico\\\/\"]}]},{\"@type\":\"BreadcrumbList\",\"@id\":\"https:\\\/\\\/www.spaceworkers.pt\\\/pt\\\/diario-economico\\\/#breadcrumb\",\"itemListElement\":[{\"@type\":\"ListItem\",\"position\":1,\"name\":\"Home\",\"item\":\"https:\\\/\\\/www.spaceworkers.pt\\\/en\\\/\"},{\"@type\":\"ListItem\",\"position\":2,\"name\":\"Di\u00e1rio Econ\u00f3mico\"}]},{\"@type\":\"WebSite\",\"@id\":\"https:\\\/\\\/www.spaceworkers.pt\\\/en\\\/#website\",\"url\":\"https:\\\/\\\/www.spaceworkers.pt\\\/en\\\/\",\"name\":\"spaceworkers\",\"description\":\"spaceworkers\u00ae is an architecture and design studio located in Paredes in northern Portugal, founded by the current creative directors Henrique Marques and Rui Dinis and by its financial director Carla Duarte.\",\"potentialAction\":[{\"@type\":\"SearchAction\",\"target\":{\"@type\":\"EntryPoint\",\"urlTemplate\":\"https:\\\/\\\/www.spaceworkers.pt\\\/en\\\/?s={search_term_string}\"},\"query-input\":{\"@type\":\"PropertyValueSpecification\",\"valueRequired\":true,\"valueName\":\"search_term_string\"}}],\"inLanguage\":\"en-US\"},{\"@type\":\"Person\",\"@id\":\"https:\\\/\\\/www.spaceworkers.pt\\\/en\\\/#\\\/schema\\\/person\\\/d0e6b83dbd770f3ac2a6559e13ed4099\",\"name\":\"Space Workers\",\"image\":{\"@type\":\"ImageObject\",\"inLanguage\":\"en-US\",\"@id\":\"https:\\\/\\\/secure.gravatar.com\\\/avatar\\\/75defd4930bfdcfd62fae4e6af6a2cf648e2432df2b777047a98d16e9108728d?s=96&d=mm&r=g\",\"url\":\"https:\\\/\\\/secure.gravatar.com\\\/avatar\\\/75defd4930bfdcfd62fae4e6af6a2cf648e2432df2b777047a98d16e9108728d?s=96&d=mm&r=g\",\"contentUrl\":\"https:\\\/\\\/secure.gravatar.com\\\/avatar\\\/75defd4930bfdcfd62fae4e6af6a2cf648e2432df2b777047a98d16e9108728d?s=96&d=mm&r=g\",\"caption\":\"Space Workers\"},\"sameAs\":[\"http:\\\/\\\/www.bullseye.pt\"],\"url\":\"https:\\\/\\\/www.spaceworkers.pt\\\/en\\\/author\\\/spaceworkers\\\/\"}]}<\/script>\n<!-- \/ Yoast SEO plugin. -->","yoast_head_json":{"title":"Di\u00e1rio Econ\u00f3mico - spaceworkers","description":"spaceworkers foi publicado no jornal 'Di\u00e1rio Econ\u00f3mico', destacando-se pela sua abordagem inovadora e projetos arquitet\u00f3nicos.","robots":{"index":"index","follow":"follow","max-snippet":"max-snippet:-1","max-image-preview":"max-image-preview:large","max-video-preview":"max-video-preview:-1"},"canonical":"https:\/\/www.spaceworkers.pt\/pt\/diario-economico\/","og_locale":"en_US","og_type":"article","og_title":"Di\u00e1rio Econ\u00f3mico - spaceworkers","og_description":"spaceworkers foi publicado no jornal 'Di\u00e1rio Econ\u00f3mico', destacando-se pela sua abordagem inovadora e projetos arquitet\u00f3nicos.","og_url":"https:\/\/www.spaceworkers.pt\/pt\/diario-economico\/","og_site_name":"spaceworkers","article_published_time":"2015-07-30T10:20:47+00:00","article_modified_time":"2025-01-13T15:18:01+00:00","author":"Space Workers","twitter_card":"summary_large_image","twitter_misc":{"Written by":"Space Workers"},"schema":{"@context":"https:\/\/schema.org","@graph":[{"@type":"Article","@id":"https:\/\/www.spaceworkers.pt\/pt\/diario-economico\/#article","isPartOf":{"@id":"https:\/\/www.spaceworkers.pt\/pt\/diario-economico\/"},"author":{"name":"Space Workers","@id":"https:\/\/www.spaceworkers.pt\/en\/#\/schema\/person\/d0e6b83dbd770f3ac2a6559e13ed4099"},"headline":"Di\u00e1rio Econ\u00f3mico","datePublished":"2015-07-30T10:20:47+00:00","dateModified":"2025-01-13T15:18:01+00:00","mainEntityOfPage":{"@id":"https:\/\/www.spaceworkers.pt\/pt\/diario-economico\/"},"wordCount":4,"articleSection":["[:pt]M\u00eddia[:en]Media[:]"],"inLanguage":"en-US"},{"@type":"WebPage","@id":"https:\/\/www.spaceworkers.pt\/pt\/diario-economico\/","url":"https:\/\/www.spaceworkers.pt\/pt\/diario-economico\/","name":"Di\u00e1rio Econ\u00f3mico - spaceworkers","isPartOf":{"@id":"https:\/\/www.spaceworkers.pt\/en\/#website"},"datePublished":"2015-07-30T10:20:47+00:00","dateModified":"2025-01-13T15:18:01+00:00","author":{"@id":"https:\/\/www.spaceworkers.pt\/en\/#\/schema\/person\/d0e6b83dbd770f3ac2a6559e13ed4099"},"description":"spaceworkers foi publicado no jornal 'Di\u00e1rio Econ\u00f3mico', destacando-se pela sua abordagem inovadora e projetos arquitet\u00f3nicos.","breadcrumb":{"@id":"https:\/\/www.spaceworkers.pt\/pt\/diario-economico\/#breadcrumb"},"inLanguage":"en-US","potentialAction":[{"@type":"ReadAction","target":["https:\/\/www.spaceworkers.pt\/pt\/diario-economico\/"]}]},{"@type":"BreadcrumbList","@id":"https:\/\/www.spaceworkers.pt\/pt\/diario-economico\/#breadcrumb","itemListElement":[{"@type":"ListItem","position":1,"name":"Home","item":"https:\/\/www.spaceworkers.pt\/en\/"},{"@type":"ListItem","position":2,"name":"Di\u00e1rio Econ\u00f3mico"}]},{"@type":"WebSite","@id":"https:\/\/www.spaceworkers.pt\/en\/#website","url":"https:\/\/www.spaceworkers.pt\/en\/","name":"spaceworkers","description":"spaceworkers\u00ae is an architecture and design studio located in Paredes in northern Portugal, founded by the current creative directors Henrique Marques and Rui Dinis and by its financial director Carla Duarte.","potentialAction":[{"@type":"SearchAction","target":{"@type":"EntryPoint","urlTemplate":"https:\/\/www.spaceworkers.pt\/en\/?s={search_term_string}"},"query-input":{"@type":"PropertyValueSpecification","valueRequired":true,"valueName":"search_term_string"}}],"inLanguage":"en-US"},{"@type":"Person","@id":"https:\/\/www.spaceworkers.pt\/en\/#\/schema\/person\/d0e6b83dbd770f3ac2a6559e13ed4099","name":"Space Workers","image":{"@type":"ImageObject","inLanguage":"en-US","@id":"https:\/\/secure.gravatar.com\/avatar\/75defd4930bfdcfd62fae4e6af6a2cf648e2432df2b777047a98d16e9108728d?s=96&d=mm&r=g","url":"https:\/\/secure.gravatar.com\/avatar\/75defd4930bfdcfd62fae4e6af6a2cf648e2432df2b777047a98d16e9108728d?s=96&d=mm&r=g","contentUrl":"https:\/\/secure.gravatar.com\/avatar\/75defd4930bfdcfd62fae4e6af6a2cf648e2432df2b777047a98d16e9108728d?s=96&d=mm&r=g","caption":"Space Workers"},"sameAs":["http:\/\/www.bullseye.pt"],"url":"https:\/\/www.spaceworkers.pt\/en\/author\/spaceworkers\/"}]}},"_links":{"self":[{"href":"https:\/\/www.spaceworkers.pt\/en\/wp-json\/wp\/v2\/posts\/1451","targetHints":{"allow":["GET"]}}],"collection":[{"href":"https:\/\/www.spaceworkers.pt\/en\/wp-json\/wp\/v2\/posts"}],"about":[{"href":"https:\/\/www.spaceworkers.pt\/en\/wp-json\/wp\/v2\/types\/post"}],"author":[{"embeddable":true,"href":"https:\/\/www.spaceworkers.pt\/en\/wp-json\/wp\/v2\/users\/2"}],"replies":[{"embeddable":true,"href":"https:\/\/www.spaceworkers.pt\/en\/wp-json\/wp\/v2\/comments?post=1451"}],"version-history":[{"count":0,"href":"https:\/\/www.spaceworkers.pt\/en\/wp-json\/wp\/v2\/posts\/1451\/revisions"}],"wp:attachment":[{"href":"https:\/\/www.spaceworkers.pt\/en\/wp-json\/wp\/v2\/media?parent=1451"}],"wp:term":[{"taxonomy":"category","embeddable":true,"href":"https:\/\/www.spaceworkers.pt\/en\/wp-json\/wp\/v2\/categories?post=1451"},{"taxonomy":"post_tag","embeddable":true,"href":"https:\/\/www.spaceworkers.pt\/en\/wp-json\/wp\/v2\/tags?post=1451"}],"curies":[{"name":"wp","href":"https:\/\/api.w.org\/{rel}","templated":true}]}}