{"id":1446,"date":"2017-03-09T09:44:56","date_gmt":"2017-03-09T09:44:56","guid":{"rendered":"http:\/\/www.spaceworkers.pt\/?p=1446"},"modified":"2025-01-13T11:33:24","modified_gmt":"2025-01-13T11:33:24","slug":"centro-international","status":"publish","type":"post","link":"https:\/\/www.spaceworkers.pt\/en\/centro-international\/","title":{"rendered":"CENTRO INTERNATIONAL @M\u00e9xico"},"content":{"rendered":"","protected":false},"excerpt":{"rendered":"","protected":false},"author":2,"featured_media":1449,"comment_status":"closed","ping_status":"closed","sticky":false,"template":"","format":"standard","meta":{"_monsterinsights_skip_tracking":false,"_monsterinsights_sitenote_active":false,"_monsterinsights_sitenote_note":"","_monsterinsights_sitenote_category":0},"categories":[24],"tags":[],"class_list":["post-1446","post","type-post","status-publish","format-standard","has-post-thumbnail","hentry","category-conferencias"],"yoast_head":"<!-- This site is optimized with the Yoast SEO plugin v27.3 - https:\/\/yoast.com\/product\/yoast-seo-wordpress\/ -->\n<title>CENTRO INTERNATIONAL @M\u00e9xico - spaceworkers<\/title>\n<meta name=\"description\" content=\"Com enorme prazer, aceitamos o convite do CENTROmx para partilhar as nossas experi\u00eancias no M\u00e9xico, de 07 a 09 de mar\u00e7o, em Guadalajara.\" \/>\n<meta name=\"robots\" content=\"index, follow, max-snippet:-1, max-image-preview:large, max-video-preview:-1\" \/>\n<link rel=\"canonical\" href=\"https:\/\/www.spaceworkers.pt\/pt\/centro-international\/\" \/>\n<meta property=\"og:locale\" content=\"en_US\" \/>\n<meta property=\"og:type\" content=\"article\" \/>\n<meta property=\"og:title\" content=\"CENTRO INTERNATIONAL @M\u00e9xico - spaceworkers\" \/>\n<meta property=\"og:description\" content=\"Com enorme prazer, aceitamos o convite do CENTROmx para partilhar as nossas experi\u00eancias no M\u00e9xico, de 07 a 09 de mar\u00e7o, em Guadalajara.\" \/>\n<meta property=\"og:url\" content=\"https:\/\/www.spaceworkers.pt\/pt\/centro-international\/\" \/>\n<meta property=\"og:site_name\" content=\"spaceworkers\" \/>\n<meta property=\"article:published_time\" content=\"2017-03-09T09:44:56+00:00\" \/>\n<meta property=\"article:modified_time\" content=\"2025-01-13T11:33:24+00:00\" \/>\n<meta property=\"og:image\" content=\"https:\/\/www.spaceworkers.pt\/wp-content\/uploads\/2017\/02\/16422567_1259719620773144_151344862375009838_o.jpg\" \/>\n\t<meta property=\"og:image:width\" content=\"2979\" \/>\n\t<meta property=\"og:image:height\" content=\"1407\" \/>\n\t<meta property=\"og:image:type\" content=\"image\/jpeg\" \/>\n<meta name=\"author\" content=\"Space Workers\" \/>\n<meta name=\"twitter:card\" content=\"summary_large_image\" \/>\n<meta name=\"twitter:label1\" content=\"Written by\" \/>\n\t<meta name=\"twitter:data1\" content=\"Space Workers\" \/>\n\t<meta name=\"twitter:label2\" content=\"Est. reading time\" \/>\n\t<meta name=\"twitter:data2\" content=\"1 minute\" \/>\n<script type=\"application\/ld+json\" class=\"yoast-schema-graph\">{\"@context\":\"https:\\\/\\\/schema.org\",\"@graph\":[{\"@type\":\"Article\",\"@id\":\"https:\\\/\\\/www.spaceworkers.pt\\\/pt\\\/centro-international\\\/#article\",\"isPartOf\":{\"@id\":\"https:\\\/\\\/www.spaceworkers.pt\\\/pt\\\/centro-international\\\/\"},\"author\":{\"name\":\"Space Workers\",\"@id\":\"https:\\\/\\\/www.spaceworkers.pt\\\/en\\\/#\\\/schema\\\/person\\\/d0e6b83dbd770f3ac2a6559e13ed4099\"},\"headline\":\"CENTRO INTERNATIONAL @M\u00e9xico\",\"datePublished\":\"2017-03-09T09:44:56+00:00\",\"dateModified\":\"2025-01-13T11:33:24+00:00\",\"mainEntityOfPage\":{\"@id\":\"https:\\\/\\\/www.spaceworkers.pt\\\/pt\\\/centro-international\\\/\"},\"wordCount\":4,\"image\":{\"@id\":\"https:\\\/\\\/www.spaceworkers.pt\\\/pt\\\/centro-international\\\/#primaryimage\"},\"thumbnailUrl\":\"https:\\\/\\\/www.spaceworkers.pt\\\/wp-content\\\/uploads\\\/2017\\\/02\\\/16422567_1259719620773144_151344862375009838_o.jpg\",\"articleSection\":[\"[:pt]Confer\u00eancias[:en]Conferences[:]\"],\"inLanguage\":\"en-US\"},{\"@type\":\"WebPage\",\"@id\":\"https:\\\/\\\/www.spaceworkers.pt\\\/pt\\\/centro-international\\\/\",\"url\":\"https:\\\/\\\/www.spaceworkers.pt\\\/pt\\\/centro-international\\\/\",\"name\":\"CENTRO INTERNATIONAL @M\u00e9xico - spaceworkers\",\"isPartOf\":{\"@id\":\"https:\\\/\\\/www.spaceworkers.pt\\\/en\\\/#website\"},\"primaryImageOfPage\":{\"@id\":\"https:\\\/\\\/www.spaceworkers.pt\\\/pt\\\/centro-international\\\/#primaryimage\"},\"image\":{\"@id\":\"https:\\\/\\\/www.spaceworkers.pt\\\/pt\\\/centro-international\\\/#primaryimage\"},\"thumbnailUrl\":\"https:\\\/\\\/www.spaceworkers.pt\\\/wp-content\\\/uploads\\\/2017\\\/02\\\/16422567_1259719620773144_151344862375009838_o.jpg\",\"datePublished\":\"2017-03-09T09:44:56+00:00\",\"dateModified\":\"2025-01-13T11:33:24+00:00\",\"author\":{\"@id\":\"https:\\\/\\\/www.spaceworkers.pt\\\/en\\\/#\\\/schema\\\/person\\\/d0e6b83dbd770f3ac2a6559e13ed4099\"},\"description\":\"Com enorme prazer, aceitamos o convite do CENTROmx para partilhar as nossas experi\u00eancias no M\u00e9xico, de 07 a 09 de mar\u00e7o, em Guadalajara.\",\"breadcrumb\":{\"@id\":\"https:\\\/\\\/www.spaceworkers.pt\\\/pt\\\/centro-international\\\/#breadcrumb\"},\"inLanguage\":\"en-US\",\"potentialAction\":[{\"@type\":\"ReadAction\",\"target\":[\"https:\\\/\\\/www.spaceworkers.pt\\\/pt\\\/centro-international\\\/\"]}]},{\"@type\":\"ImageObject\",\"inLanguage\":\"en-US\",\"@id\":\"https:\\\/\\\/www.spaceworkers.pt\\\/pt\\\/centro-international\\\/#primaryimage\",\"url\":\"https:\\\/\\\/www.spaceworkers.pt\\\/wp-content\\\/uploads\\\/2017\\\/02\\\/16422567_1259719620773144_151344862375009838_o.jpg\",\"contentUrl\":\"https:\\\/\\\/www.spaceworkers.pt\\\/wp-content\\\/uploads\\\/2017\\\/02\\\/16422567_1259719620773144_151344862375009838_o.jpg\",\"width\":2979,\"height\":1407,\"caption\":\"Spaceworkers - CENTRO INTERNATIONAL @M\u00e9xico\"},{\"@type\":\"BreadcrumbList\",\"@id\":\"https:\\\/\\\/www.spaceworkers.pt\\\/pt\\\/centro-international\\\/#breadcrumb\",\"itemListElement\":[{\"@type\":\"ListItem\",\"position\":1,\"name\":\"Home\",\"item\":\"https:\\\/\\\/www.spaceworkers.pt\\\/en\\\/\"},{\"@type\":\"ListItem\",\"position\":2,\"name\":\"CENTRO INTERNATIONAL @M\u00e9xico\"}]},{\"@type\":\"WebSite\",\"@id\":\"https:\\\/\\\/www.spaceworkers.pt\\\/en\\\/#website\",\"url\":\"https:\\\/\\\/www.spaceworkers.pt\\\/en\\\/\",\"name\":\"spaceworkers\",\"description\":\"spaceworkers\u00ae is an architecture and design studio located in Paredes in northern Portugal, founded by the current creative directors Henrique Marques and Rui Dinis and by its financial director Carla Duarte.\",\"potentialAction\":[{\"@type\":\"SearchAction\",\"target\":{\"@type\":\"EntryPoint\",\"urlTemplate\":\"https:\\\/\\\/www.spaceworkers.pt\\\/en\\\/?s={search_term_string}\"},\"query-input\":{\"@type\":\"PropertyValueSpecification\",\"valueRequired\":true,\"valueName\":\"search_term_string\"}}],\"inLanguage\":\"en-US\"},{\"@type\":\"Person\",\"@id\":\"https:\\\/\\\/www.spaceworkers.pt\\\/en\\\/#\\\/schema\\\/person\\\/d0e6b83dbd770f3ac2a6559e13ed4099\",\"name\":\"Space Workers\",\"image\":{\"@type\":\"ImageObject\",\"inLanguage\":\"en-US\",\"@id\":\"https:\\\/\\\/secure.gravatar.com\\\/avatar\\\/75defd4930bfdcfd62fae4e6af6a2cf648e2432df2b777047a98d16e9108728d?s=96&d=mm&r=g\",\"url\":\"https:\\\/\\\/secure.gravatar.com\\\/avatar\\\/75defd4930bfdcfd62fae4e6af6a2cf648e2432df2b777047a98d16e9108728d?s=96&d=mm&r=g\",\"contentUrl\":\"https:\\\/\\\/secure.gravatar.com\\\/avatar\\\/75defd4930bfdcfd62fae4e6af6a2cf648e2432df2b777047a98d16e9108728d?s=96&d=mm&r=g\",\"caption\":\"Space Workers\"},\"sameAs\":[\"http:\\\/\\\/www.bullseye.pt\"],\"url\":\"https:\\\/\\\/www.spaceworkers.pt\\\/en\\\/author\\\/spaceworkers\\\/\"}]}<\/script>\n<!-- \/ Yoast SEO plugin. -->","yoast_head_json":{"title":"CENTRO INTERNATIONAL @M\u00e9xico - spaceworkers","description":"Com enorme prazer, aceitamos o convite do CENTROmx para partilhar as nossas experi\u00eancias no M\u00e9xico, de 07 a 09 de mar\u00e7o, em Guadalajara.","robots":{"index":"index","follow":"follow","max-snippet":"max-snippet:-1","max-image-preview":"max-image-preview:large","max-video-preview":"max-video-preview:-1"},"canonical":"https:\/\/www.spaceworkers.pt\/pt\/centro-international\/","og_locale":"en_US","og_type":"article","og_title":"CENTRO INTERNATIONAL @M\u00e9xico - spaceworkers","og_description":"Com enorme prazer, aceitamos o convite do CENTROmx para partilhar as nossas experi\u00eancias no M\u00e9xico, de 07 a 09 de mar\u00e7o, em Guadalajara.","og_url":"https:\/\/www.spaceworkers.pt\/pt\/centro-international\/","og_site_name":"spaceworkers","article_published_time":"2017-03-09T09:44:56+00:00","article_modified_time":"2025-01-13T11:33:24+00:00","og_image":[{"width":2979,"height":1407,"url":"https:\/\/www.spaceworkers.pt\/wp-content\/uploads\/2017\/02\/16422567_1259719620773144_151344862375009838_o.jpg","type":"image\/jpeg"}],"author":"Space Workers","twitter_card":"summary_large_image","twitter_misc":{"Written by":"Space Workers","Est. reading time":"1 minute"},"schema":{"@context":"https:\/\/schema.org","@graph":[{"@type":"Article","@id":"https:\/\/www.spaceworkers.pt\/pt\/centro-international\/#article","isPartOf":{"@id":"https:\/\/www.spaceworkers.pt\/pt\/centro-international\/"},"author":{"name":"Space Workers","@id":"https:\/\/www.spaceworkers.pt\/en\/#\/schema\/person\/d0e6b83dbd770f3ac2a6559e13ed4099"},"headline":"CENTRO INTERNATIONAL @M\u00e9xico","datePublished":"2017-03-09T09:44:56+00:00","dateModified":"2025-01-13T11:33:24+00:00","mainEntityOfPage":{"@id":"https:\/\/www.spaceworkers.pt\/pt\/centro-international\/"},"wordCount":4,"image":{"@id":"https:\/\/www.spaceworkers.pt\/pt\/centro-international\/#primaryimage"},"thumbnailUrl":"https:\/\/www.spaceworkers.pt\/wp-content\/uploads\/2017\/02\/16422567_1259719620773144_151344862375009838_o.jpg","articleSection":["[:pt]Confer\u00eancias[:en]Conferences[:]"],"inLanguage":"en-US"},{"@type":"WebPage","@id":"https:\/\/www.spaceworkers.pt\/pt\/centro-international\/","url":"https:\/\/www.spaceworkers.pt\/pt\/centro-international\/","name":"CENTRO INTERNATIONAL @M\u00e9xico - spaceworkers","isPartOf":{"@id":"https:\/\/www.spaceworkers.pt\/en\/#website"},"primaryImageOfPage":{"@id":"https:\/\/www.spaceworkers.pt\/pt\/centro-international\/#primaryimage"},"image":{"@id":"https:\/\/www.spaceworkers.pt\/pt\/centro-international\/#primaryimage"},"thumbnailUrl":"https:\/\/www.spaceworkers.pt\/wp-content\/uploads\/2017\/02\/16422567_1259719620773144_151344862375009838_o.jpg","datePublished":"2017-03-09T09:44:56+00:00","dateModified":"2025-01-13T11:33:24+00:00","author":{"@id":"https:\/\/www.spaceworkers.pt\/en\/#\/schema\/person\/d0e6b83dbd770f3ac2a6559e13ed4099"},"description":"Com enorme prazer, aceitamos o convite do CENTROmx para partilhar as nossas experi\u00eancias no M\u00e9xico, de 07 a 09 de mar\u00e7o, em Guadalajara.","breadcrumb":{"@id":"https:\/\/www.spaceworkers.pt\/pt\/centro-international\/#breadcrumb"},"inLanguage":"en-US","potentialAction":[{"@type":"ReadAction","target":["https:\/\/www.spaceworkers.pt\/pt\/centro-international\/"]}]},{"@type":"ImageObject","inLanguage":"en-US","@id":"https:\/\/www.spaceworkers.pt\/pt\/centro-international\/#primaryimage","url":"https:\/\/www.spaceworkers.pt\/wp-content\/uploads\/2017\/02\/16422567_1259719620773144_151344862375009838_o.jpg","contentUrl":"https:\/\/www.spaceworkers.pt\/wp-content\/uploads\/2017\/02\/16422567_1259719620773144_151344862375009838_o.jpg","width":2979,"height":1407,"caption":"Spaceworkers - CENTRO INTERNATIONAL @M\u00e9xico"},{"@type":"BreadcrumbList","@id":"https:\/\/www.spaceworkers.pt\/pt\/centro-international\/#breadcrumb","itemListElement":[{"@type":"ListItem","position":1,"name":"Home","item":"https:\/\/www.spaceworkers.pt\/en\/"},{"@type":"ListItem","position":2,"name":"CENTRO INTERNATIONAL @M\u00e9xico"}]},{"@type":"WebSite","@id":"https:\/\/www.spaceworkers.pt\/en\/#website","url":"https:\/\/www.spaceworkers.pt\/en\/","name":"spaceworkers","description":"spaceworkers\u00ae is an architecture and design studio located in Paredes in northern Portugal, founded by the current creative directors Henrique Marques and Rui Dinis and by its financial director Carla Duarte.","potentialAction":[{"@type":"SearchAction","target":{"@type":"EntryPoint","urlTemplate":"https:\/\/www.spaceworkers.pt\/en\/?s={search_term_string}"},"query-input":{"@type":"PropertyValueSpecification","valueRequired":true,"valueName":"search_term_string"}}],"inLanguage":"en-US"},{"@type":"Person","@id":"https:\/\/www.spaceworkers.pt\/en\/#\/schema\/person\/d0e6b83dbd770f3ac2a6559e13ed4099","name":"Space Workers","image":{"@type":"ImageObject","inLanguage":"en-US","@id":"https:\/\/secure.gravatar.com\/avatar\/75defd4930bfdcfd62fae4e6af6a2cf648e2432df2b777047a98d16e9108728d?s=96&d=mm&r=g","url":"https:\/\/secure.gravatar.com\/avatar\/75defd4930bfdcfd62fae4e6af6a2cf648e2432df2b777047a98d16e9108728d?s=96&d=mm&r=g","contentUrl":"https:\/\/secure.gravatar.com\/avatar\/75defd4930bfdcfd62fae4e6af6a2cf648e2432df2b777047a98d16e9108728d?s=96&d=mm&r=g","caption":"Space Workers"},"sameAs":["http:\/\/www.bullseye.pt"],"url":"https:\/\/www.spaceworkers.pt\/en\/author\/spaceworkers\/"}]}},"_links":{"self":[{"href":"https:\/\/www.spaceworkers.pt\/en\/wp-json\/wp\/v2\/posts\/1446","targetHints":{"allow":["GET"]}}],"collection":[{"href":"https:\/\/www.spaceworkers.pt\/en\/wp-json\/wp\/v2\/posts"}],"about":[{"href":"https:\/\/www.spaceworkers.pt\/en\/wp-json\/wp\/v2\/types\/post"}],"author":[{"embeddable":true,"href":"https:\/\/www.spaceworkers.pt\/en\/wp-json\/wp\/v2\/users\/2"}],"replies":[{"embeddable":true,"href":"https:\/\/www.spaceworkers.pt\/en\/wp-json\/wp\/v2\/comments?post=1446"}],"version-history":[{"count":0,"href":"https:\/\/www.spaceworkers.pt\/en\/wp-json\/wp\/v2\/posts\/1446\/revisions"}],"wp:featuredmedia":[{"embeddable":true,"href":"https:\/\/www.spaceworkers.pt\/en\/wp-json\/wp\/v2\/media\/1449"}],"wp:attachment":[{"href":"https:\/\/www.spaceworkers.pt\/en\/wp-json\/wp\/v2\/media?parent=1446"}],"wp:term":[{"taxonomy":"category","embeddable":true,"href":"https:\/\/www.spaceworkers.pt\/en\/wp-json\/wp\/v2\/categories?post=1446"},{"taxonomy":"post_tag","embeddable":true,"href":"https:\/\/www.spaceworkers.pt\/en\/wp-json\/wp\/v2\/tags?post=1446"}],"curies":[{"name":"wp","href":"https:\/\/api.w.org\/{rel}","templated":true}]}}